{"id":56275,"date":"2021-06-06T08:37:22","date_gmt":"2021-06-06T12:37:22","guid":{"rendered":"https:\/\/fhargenteuil.com\/courir-a-notre-sante-2021-les-resultats\/"},"modified":"2022-09-06T09:33:17","modified_gmt":"2022-09-06T13:33:17","slug":"courir-a-notre-sante-2021-les-resultats","status":"publish","type":"post","link":"https:\/\/fhargenteuil.com\/en\/news\/courir-a-notre-sante-2021-les-resultats\/","title":{"rendered":"RUNNING FOR OUR HEALTH 2021"},"content":{"rendered":"<section class=\"wpb-content-wrapper\"><p>[vc_row][vc_column][vc_custom_heading text=&#8221;RUNNING FOR OUR HEALTH 2021<br \/>\n&#8221; font_container=&#8221;tag:h2|font_size:32|text_align:left|color:%23ac1f2d&#8221; google_fonts=&#8221;font_family:Montserrat%3Aregular%2C700|font_style:400%20regular%3A400%3Anormal&#8221;][vc_empty_space][vc_column_text]<\/p>\n<h3><\/h3>\n<p><strong>\u201c<em>COURIR A NOTRE SANT\u00c9\u201d(RUNNING FOR OUR HEALTH) 2021 EDITIION<\/em><\/strong><\/p>\n<p><strong><em>$4,585 WAS RAISED THIS YEAR!!<\/em><\/strong><\/p>\n<p><strong>Lachute, July\u00a0\u00a0\u00a0 2021 \u2013 <\/strong>This year\u2019s edition of the \u201c<em>Courir \u00e0 notre sant\u00e9\u201d<\/em> was held under a new formula but always with the collaboration of The <em>Saint-J\u00e9rome<\/em> Hospital Foundation. It was a great way for all the participants to exercise while benefiting the Argenteuil Hospital Foundation.<\/p>\n<p>This year, participants had the weekend to run or walk in their own neighborhood as an individual or as a team. Even with the ongoing pandemic, many participated in order to raise funds for the Mini C-Arm project of our hospital\u2019s surgical department.<\/p>\n<p>More the $4,485 was raised thanks to all our great partners and participants. \u00a0<em>The Parc Fun Training<\/em> team, <em>Caisse Populaire d\u2019Argelnteuil<\/em>, Municipality of Grenville, MRC of Argenteuil and all other participants were part of this year\u2019s edition.<\/p>\n<p>It\u2019s a date for the 2022 edition![\/vc_column_text][\/vc_column][\/vc_row]<\/p>\n<\/section><!-- AddThis Advanced Settings generic via filter on the_content --><!-- AddThis Share Buttons generic via filter on the_content -->","protected":false},"excerpt":{"rendered":"<p>Du 3 au 6 juin, l\u2019\u00e9dition 2021 de Courir \u00e0 notre Sant\u00e9 a eu lieu sous une nouvelle formule, toujours en collaboration avec la Fondation de l&#8217;H\u00f4pital R\u00e9gional de Saint-J\u00e9r\u00f4me. Cet \u00e9v\u00e9nement f\u00fbt une parfaite occasion, pour la population, de bouger au profit de la Fondation de l\u2019H\u00f4pital d\u2019Argenteuil (FHA).<!-- AddThis Advanced Settings generic via filter on get_the_excerpt --><!-- AddThis Share Buttons generic via filter on get_the_excerpt --><\/p>\n","protected":false},"author":1,"featured_media":55684,"comment_status":"closed","ping_status":"closed","sticky":false,"template":"","format":"standard","meta":{"footnotes":""},"categories":[213],"tags":[216,217,218],"aioseo_notices":[],"_links":{"self":[{"href":"https:\/\/fhargenteuil.com\/en\/wp-json\/wp\/v2\/posts\/56275"}],"collection":[{"href":"https:\/\/fhargenteuil.com\/en\/wp-json\/wp\/v2\/posts"}],"about":[{"href":"https:\/\/fhargenteuil.com\/en\/wp-json\/wp\/v2\/types\/post"}],"author":[{"embeddable":true,"href":"https:\/\/fhargenteuil.com\/en\/wp-json\/wp\/v2\/users\/1"}],"replies":[{"embeddable":true,"href":"https:\/\/fhargenteuil.com\/en\/wp-json\/wp\/v2\/comments?post=56275"}],"version-history":[{"count":5,"href":"https:\/\/fhargenteuil.com\/en\/wp-json\/wp\/v2\/posts\/56275\/revisions"}],"predecessor-version":[{"id":56280,"href":"https:\/\/fhargenteuil.com\/en\/wp-json\/wp\/v2\/posts\/56275\/revisions\/56280"}],"wp:featuredmedia":[{"embeddable":true,"href":"https:\/\/fhargenteuil.com\/en\/wp-json\/wp\/v2\/media\/55684"}],"wp:attachment":[{"href":"https:\/\/fhargenteuil.com\/en\/wp-json\/wp\/v2\/media?parent=56275"}],"wp:term":[{"taxonomy":"category","embeddable":true,"href":"https:\/\/fhargenteuil.com\/en\/wp-json\/wp\/v2\/categories?post=56275"},{"taxonomy":"post_tag","embeddable":true,"href":"https:\/\/fhargenteuil.com\/en\/wp-json\/wp\/v2\/tags?post=56275"}],"curies":[{"name":"wp","href":"https:\/\/api.w.org\/{rel}","templated":true}]}}